{"id":8480,"date":"2018-11-16T23:28:57","date_gmt":"2018-11-16T23:28:57","guid":{"rendered":"https:\/\/enfermeriacanaria.com\/wptfe\/?p=8480"},"modified":"2018-11-16T23:28:57","modified_gmt":"2018-11-16T23:28:57","slug":"los-profesionales-sanitarios-pueden-vacunar-a-los-menores-aunque-los-padres-se-opongan","status":"publish","type":"post","link":"https:\/\/enfermeriacanaria.com\/wptfe\/los-profesionales-sanitarios-pueden-vacunar-a-los-menores-aunque-los-padres-se-opongan\/","title":{"rendered":"Los profesionales sanitarios pueden vacunar a los menores aunque los padres se opongan"},"content":{"rendered":"<p>Fuente: <a href=\"http:\/\/diarioenfermero.es\/author\/redaccion\/\">Diario Enfermero<\/a><\/p>\n<p>RAQUEL GONZ\u00c1LEZ.- Expertos en vacunas se han reunido hoy en el Hospital Universitario Central de Asturias (HUCA) para analizar la situaci\u00f3n actual de la vacunaci\u00f3n en nuestro pa\u00eds. Durante el encuentro, organizado por la <a href=\"https:\/\/www.escuelacienciassalud.com\/\">Escuela Internacional de Ciencias de la Salud (EICS)<\/a> y el Consejo General de Enfermer\u00eda con la colaboraci\u00f3n de la consejer\u00eda de Sanidad de Asturias, el Servicio de Salud del Principado y Sanofi Pasteur, se han abordado los riesgos que actualmente supone para la salud de la poblaci\u00f3n la proliferaci\u00f3n de los grupos o movimientos antivacunas. S\u00f3lo este a\u00f1o, se han registrado en Europa 46.000 casos de sarampi\u00f3n y 36 muertes, la \u00faltima una adolescente de 17 a\u00f1os en Francia. Como ha explicado Pilar Fern\u00e1ndez, vicepresidenta del Consejo General de Enfermer\u00eda y directora de la EICS, \u201cNuestro pa\u00eds no es ajeno a estas corrientes y todos recordamos el caso del ni\u00f1o que hace tres a\u00f1os mor\u00eda por difteria en Olot\u201d. En Asturias, por ejemplo, s\u00f3lo el a\u00f1o pasado se detectaron 23 familias que bajo el argumento de \u201cllevar una vida natural\u201d eran contrarias a la vacunaci\u00f3n. M\u00e1s all\u00e1 del riesgo para la salud individual de las personas que comportan estas conductas, suponen un atentado contra la salud p\u00fablica. Por ello, en pa\u00edses como en Francia o en Italia se han adoptado medidas que, de alguna forma, obligan a la vacunaci\u00f3n. En el caso de Francia, por ejemplo, los menores que no est\u00e9n vacunados no pueden acceder a guarder\u00edas y centros educativos p\u00fablicos. Pero, \u00bfqu\u00e9 sucede en Espa\u00f1a? En su conferencia inaugural, el magistrado C\u00e9sar Tolosa Tribi\u00f1o ha explicado que, salvo en situaciones excepcionales, nuestro pa\u00eds no recoge la obligatoriedad de la vacunaci\u00f3n ya que tanto la interpretaci\u00f3n colectiva como de los tribunales ha defendido que dicha obligaci\u00f3n constituye una intromisi\u00f3n y una violaci\u00f3n de la integridad f\u00edsica y la libertad de las personas.<!--more--><\/p>\n<p><strong>Vacunar ante la oposici\u00f3n de los padres<\/strong><\/p>\n<p>Como ha explicado Gloria Herias, directora de Enfermer\u00eda del HUCA, \u201clamentablemente, la proliferaci\u00f3n de los movimientos antivacunas se est\u00e1 viendo alentada por la difusi\u00f3n que alcanzan en redes sociales y la realidad es que el falso debate sobre la seguridad y eficacia de las vacunas crece a medida que desaparecen las enfermedades que previenen\u201d. \u201cEnfermeras y enfermeros -ha a\u00f1adido- tenemos la responsabilidad de transmitir esa seguridad y eficacia de las vacunas a la poblaci\u00f3n y contribuir a mejorar las tasas de inmunizaci\u00f3n\u201d.<\/p>\n<p>Por otro lado, el magistrado ha explicado que, en el caso de menores de edad, \u201clos profesionales sanitarios pueden vacunar aunque los padres se opongan y, de hecho, pueden hacerlo de manera inmediata si consideran que la medida es urgente y sin que recaiga sobre ellos responsabilidad en este sentido\u201d.<\/p>\n<p>Por su parte, Pilar Fern\u00e1ndez ha insistido en que \u201cvacunarse es un acto de responsabilidad porque, cuando lo hacemos, no s\u00f3lo nos protegemos a nosotros mismos sino tambi\u00e9n a quienes nos rodean, especialmente a aquellos que por su estado de salud no pueden ser vacunados y en quienes, precisamente, evitar la transmisi\u00f3n de agentes pat\u00f3genos adquiere una especial relevancia\u201d. Esa responsabilidad, ha hecho hincapi\u00e9, \u201cse extiende a los profesionales sanitarios y, en el caso de las enfermeras, por nuestra cercan\u00eda con los pacientes, es especialmente relevante\u201d.<\/p>\n<p><strong>Vacunaci\u00f3n entre profesionales<\/strong><\/p>\n<p>Afortunadamente, las tasas de vacunaci\u00f3n pedi\u00e1trica en nuestro pa\u00eds contin\u00faan siendo elevadas, por encima del 90%, no as\u00ed las de los profesionales sanitarios. Para la vicepresidenta del Consejo General de Enfermer\u00eda, \u201ceste no es un tema menor: la Organizaci\u00f3n Mundial de la Salud recomienda la vacunaci\u00f3n frente a la gripe del cien por cien de los profesionales sanitarios y advierte de que s\u00f3lo con un 80 por ciento de cobertura podemos hablar de inmunidad de grupo. La realidad es que no llegamos ni al 30%. Esto, en la pr\u00e1ctica, se traduce en que siete de cada diez profesionales pueden transmitir la gripe a sus pacientes si resultan infectados. No olvidemos tampoco que la falta de profesionales y la presi\u00f3n asistencial nos lleva muchas veces a acudir a nuestro puesto de trabajo cuando deber\u00edamos quedarnos en casa guardando reposo y ese es otro factor que contribuye a que los profesionales no vacunados se conviertan en potenciales transmisores de una enfermedad, la gripe, a la que se resta importancia, pero que cada a\u00f1o, se cobra la vida de muchas personas en nuestro pa\u00eds\u201d.<\/p>\n<p>Para el magistrado C\u00e9sar Tolosa, \u201cllama la atenci\u00f3n que, en el caso de Asturias, por ejemplo, se exija a los tatuadores estar vacunados frente a determinadas enfermedades, como la gripe, y disponer del certificado de vacunaci\u00f3n en su establecimiento mientras los profesionales sanitarios pueden hacer intervenciones a coraz\u00f3n abierto sin estar vacunados\u201d.<\/p>\n<p><strong>Gripe: un riesgo mortal<\/strong><\/p>\n<p>Durante el encuentro, los expertos han alertado del riesgo que tambi\u00e9n supone para la poblaci\u00f3n las bajas tasas de vacunaci\u00f3n frente a la gripe. Como ha subrayado Sonia \u00c1lvarez L\u00f3pez, directora de Gesti\u00f3n de Cuidados y Enfermer\u00eda del \u00c1rea Sanitaria I (Jarrio) de la Consejer\u00eda de Sanidad del Principado de Asturias, \u201cactualmente, estamos muy por debajo del 80% de cobertura, que ser\u00eda lo deseable, de hecho no llegamos ni al 40% y esto es especialmente preocupante en grupos de riesgo, entre quienes se encuentran los mayores de 65 a\u00f1os, un colectivo en el que desciende la vacunaci\u00f3n y que en temporadas anteriores ha registrado un mayor n\u00famero de casos graves y muertes\u201d.<\/p>\n<p>De hecho, a\u00f1ad\u00eda Emilio Velasco Casta\u00f1\u00f3n, subdirector de Gesti\u00f3n de Cuidados y Enfermer\u00eda de Atenci\u00f3n Comunitaria y Salud Mental del \u00c1rea IV de Oviedo, \u201cel problema que tenemos es la baja percepci\u00f3n que existe del riesgo de la gripe entre la poblaci\u00f3n. Cada a\u00f1o, mueren por gripe en Asturias el mismo n\u00famero de personas que por VIH, sin embargo, se considera una infecci\u00f3n menor. Estos descensos en la vacunaci\u00f3n nos preocupan mucho. En temporadas anteriores, la gripe ha sido moderada y los casos graves y muertes han aumentado, si este a\u00f1o viniera una gripe m\u00e1s agresiva las consecuencias podr\u00edan ser fatales, sobre todo entre nuestros mayores y no olvidemos que en Asturias el 25% de la poblaci\u00f3n supera los 65 a\u00f1os\u201d.<\/p>\n<p><strong>Prescripci\u00f3n enfermera <\/strong><\/p>\n<p>El encuentro se ha celebrado en plena campa\u00f1a de vacunaci\u00f3n frente a la gripe y tras la reciente aprobaci\u00f3n de la prescripci\u00f3n enfermera en Espa\u00f1a, un hito que ha permitido que, por primera vez, las enfermeras espa\u00f1olas puedan administrar la vacuna sin que para ello se requiera de la prescripci\u00f3n previa por parte del m\u00e9dico lo que, de haberse hecho en campa\u00f1as anteriores, hubiera colapsado los centros de salud. La responsabilidad y el compromiso de las enfermeras con sus pacientes han hecho que, durante muchos a\u00f1os, hayan vacunado sin dicha prescripci\u00f3n, lo que las colocaba en una posici\u00f3n de inseguridad jur\u00eddica en el ejercicio de su profesi\u00f3n, han coincidido los profesionales durante esta Jornada, entre quienes Antonio Fern\u00e1ndez Uriza, enfermero y miembro del Comit\u00e9 Asesor de Vacunas del Principado de Asturias, reconoc\u00eda que \u201cllev\u00e1bamos a\u00f1os en la ilegalidad\u201d. Jos\u00e9 Mar\u00eda D\u00edaz P\u00e9rez, subdirector de Gesti\u00f3n de Cuidados y Enfermer\u00eda de Atenci\u00f3n Especializada del \u00c1rea IV de Oviedo, se\u00f1alaba \u201cpor fin la ley ha reconocido lo que llevamos haciendo en nuestro d\u00eda a d\u00eda tanto tiempo\u201d.<\/p>\n<p><strong>La formaci\u00f3n, clave<\/strong><\/p>\n<p>Esta Jornada se enmarca dentro de la colaboraci\u00f3n surgida entre la Escuela Internacional de Ciencias de la Salud y Sanofi Pasteur, gracias a la cual se ha puesto en marcha un ambicioso programa de formaci\u00f3n en vacunas del que ya forman parte m\u00e1s de 5.000 enfermeras de toda Espa\u00f1a. Y es que, como ha subrayado Pilar Fern\u00e1ndez, \u201cla labor de las enfermeras frente a la desinformaci\u00f3n y los bulos que, desgraciadamente, circulan cada vez m\u00e1s en torno a las vacunas, es fundamental. M\u00e1s all\u00e1 de las labores de gesti\u00f3n, mantenimiento de cadena de fr\u00edo y administraci\u00f3n, nos corresponde a nosotras poner en valor la importancia de la vacunaci\u00f3n y educar a la poblaci\u00f3n al respecto. Para ello, debemos hacerles llegar una informaci\u00f3n veraz, comprensible para nuestros pacientes, que d\u00e9 respuesta a las dudas que puedan surgirles en este \u00e1mbito y que, por supuesto, no les genere a\u00fan m\u00e1s. En el desempe\u00f1o de esta tarea, es esencial que las enfermeras recibamos tambi\u00e9n una formaci\u00f3n adecuada y actualizada\u201d.<\/p>\n","protected":false},"excerpt":{"rendered":"<p>Fuente: Diario Enfermero RAQUEL GONZ\u00c1LEZ.- Expertos en vacunas se han reunido hoy en el Hospital Universitario Central de Asturias (HUCA) para analizar la situaci\u00f3n actual de la vacunaci\u00f3n en nuestro pa\u00eds. Durante el encuentro, organizado [&#8230;]<\/p>\n","protected":false},"author":4,"featured_media":0,"comment_status":"closed","ping_status":"closed","sticky":false,"template":"","format":"standard","meta":{"_jetpack_newsletter_access":"","_jetpack_dont_email_post_to_subs":false,"_jetpack_newsletter_tier_id":0,"_jetpack_memberships_contains_paywalled_content":false,"_jetpack_memberships_contains_paid_content":false,"footnotes":""},"categories":[9,56],"tags":[],"class_list":["post-8480","post","type-post","status-publish","format-standard","hentry","category-comunicacion","category-noticias"],"a3_pvc":{"activated":false,"total_views":0,"today_views":0},"jetpack_featured_media_url":"","jetpack_sharing_enabled":true,"jetpack_shortlink":"https:\/\/wp.me\/p57dxf-2cM","jetpack_likes_enabled":true,"_links":{"self":[{"href":"https:\/\/enfermeriacanaria.com\/wptfe\/wp-json\/wp\/v2\/posts\/8480","targetHints":{"allow":["GET"]}}],"collection":[{"href":"https:\/\/enfermeriacanaria.com\/wptfe\/wp-json\/wp\/v2\/posts"}],"about":[{"href":"https:\/\/enfermeriacanaria.com\/wptfe\/wp-json\/wp\/v2\/types\/post"}],"author":[{"embeddable":true,"href":"https:\/\/enfermeriacanaria.com\/wptfe\/wp-json\/wp\/v2\/users\/4"}],"replies":[{"embeddable":true,"href":"https:\/\/enfermeriacanaria.com\/wptfe\/wp-json\/wp\/v2\/comments?post=8480"}],"version-history":[{"count":1,"href":"https:\/\/enfermeriacanaria.com\/wptfe\/wp-json\/wp\/v2\/posts\/8480\/revisions"}],"predecessor-version":[{"id":8481,"href":"https:\/\/enfermeriacanaria.com\/wptfe\/wp-json\/wp\/v2\/posts\/8480\/revisions\/8481"}],"wp:attachment":[{"href":"https:\/\/enfermeriacanaria.com\/wptfe\/wp-json\/wp\/v2\/media?parent=8480"}],"wp:term":[{"taxonomy":"category","embeddable":true,"href":"https:\/\/enfermeriacanaria.com\/wptfe\/wp-json\/wp\/v2\/categories?post=8480"},{"taxonomy":"post_tag","embeddable":true,"href":"https:\/\/enfermeriacanaria.com\/wptfe\/wp-json\/wp\/v2\/tags?post=8480"}],"curies":[{"name":"wp","href":"https:\/\/api.w.org\/{rel}","templated":true}]}}