{"id":3157,"date":"2012-02-08T16:24:00","date_gmt":"2012-02-08T16:24:00","guid":{"rendered":"https:\/\/enfermeriacanaria.com\/wptfe\/?p=3157"},"modified":"2012-03-15T13:57:13","modified_gmt":"2012-03-15T13:57:13","slug":"convocatoria-de-asamblea-general-de-colegiados-2","status":"publish","type":"post","link":"https:\/\/enfermeriacanaria.com\/wptfe\/convocatoria-de-asamblea-general-de-colegiados-2\/","title":{"rendered":"Convocatoria de Asamblea General de Colegiados"},"content":{"rendered":"<p>La Junta del Iltre. Colegio Oficial de Enfermer\u00eda de Santa Cruz de Tenerife en sesi\u00f3n celebrada el d\u00eda 16 de diciembre de 2011, acord\u00f3 entre otros, convocar ASAMBLEA GENERAL ORDINARIA DE COLEGIADOS, para el d\u00eda 16 de marzo del 2012 en la sede del Colegio, sito en la calle San Mart\u00edn N\u00ba 63, a las 19:00 horas en primera convocatoria y media hora despu\u00e9s en segunda, con arreglo al siguiente orden del d\u00eda.<!--more--><br \/>\nORDEN DEL DIA<br \/>\n1.- Lectura y aprobaci\u00f3n, si procede, del Acta de la Junta anterior.<br \/>\n2.- Exposici\u00f3n por la Junta de Gobierno de la actuaci\u00f3n del Colegio durante el a\u00f1o anterior y el estado en el que se hallan las gestiones realizadas.<br \/>\n3.- Discusi\u00f3n y aprobaci\u00f3n, si procede, de la Memoria Anual.<br \/>\n4.- Discusi\u00f3n y aprobaci\u00f3n, si procede, del Balance de Cuentas de Ingresos y Gastos del a\u00f1o 2011 y aprobaci\u00f3n, si procede, del Presupuesto de Ingresos y Gastos para el ejercicio 2012.<br \/>\n5.- Propuesta de inversiones y aprobaci\u00f3n si procede.<br \/>\n6.- Modificaci\u00f3n de estatutos y aprobaci\u00f3n si procede<br \/>\n7.- Aprobaci\u00f3n Compra de local para sede colegial<br \/>\n8.- Ruegos y preguntas.<\/p>\n<p>Incluimos un <a href=\"https:\/\/enfermeriacanaria.com\/wptfe\/wp-content\/uploads\/memoria-2011web1.pdf\" target=\"_blank\">enlace a la Memoria de Gesti\u00f3n<\/a> correspondiente al a\u00f1o 2012 que incluye el balance de gesti\u00f3n del a\u00f1o 2011 y el la propuesta de presupuesto para el a\u00f1o 2012.<\/p>\n","protected":false},"excerpt":{"rendered":"<p>La Junta del Iltre. Colegio Oficial de Enfermer\u00eda de Santa Cruz de Tenerife en sesi\u00f3n celebrada el d\u00eda 16 de diciembre de 2011, acord\u00f3 entre otros, convocar ASAMBLEA GENERAL ORDINARIA DE COLEGIADOS, para el d\u00eda [&#8230;]<\/p>\n","protected":false},"author":4,"featured_media":0,"comment_status":"closed","ping_status":"open","sticky":false,"template":"","format":"standard","meta":{"_jetpack_newsletter_access":"","_jetpack_dont_email_post_to_subs":false,"_jetpack_newsletter_tier_id":0,"_jetpack_memberships_contains_paywalled_content":false,"_jetpack_memberships_contains_paid_content":false,"footnotes":""},"categories":[56],"tags":[],"class_list":["post-3157","post","type-post","status-publish","format-standard","hentry","category-noticias"],"a3_pvc":{"activated":false,"total_views":0,"today_views":0},"jetpack_featured_media_url":"","jetpack_sharing_enabled":true,"jetpack_shortlink":"https:\/\/wp.me\/p57dxf-OV","jetpack_likes_enabled":true,"_links":{"self":[{"href":"https:\/\/enfermeriacanaria.com\/wptfe\/wp-json\/wp\/v2\/posts\/3157","targetHints":{"allow":["GET"]}}],"collection":[{"href":"https:\/\/enfermeriacanaria.com\/wptfe\/wp-json\/wp\/v2\/posts"}],"about":[{"href":"https:\/\/enfermeriacanaria.com\/wptfe\/wp-json\/wp\/v2\/types\/post"}],"author":[{"embeddable":true,"href":"https:\/\/enfermeriacanaria.com\/wptfe\/wp-json\/wp\/v2\/users\/4"}],"replies":[{"embeddable":true,"href":"https:\/\/enfermeriacanaria.com\/wptfe\/wp-json\/wp\/v2\/comments?post=3157"}],"version-history":[{"count":9,"href":"https:\/\/enfermeriacanaria.com\/wptfe\/wp-json\/wp\/v2\/posts\/3157\/revisions"}],"predecessor-version":[{"id":3313,"href":"https:\/\/enfermeriacanaria.com\/wptfe\/wp-json\/wp\/v2\/posts\/3157\/revisions\/3313"}],"wp:attachment":[{"href":"https:\/\/enfermeriacanaria.com\/wptfe\/wp-json\/wp\/v2\/media?parent=3157"}],"wp:term":[{"taxonomy":"category","embeddable":true,"href":"https:\/\/enfermeriacanaria.com\/wptfe\/wp-json\/wp\/v2\/categories?post=3157"},{"taxonomy":"post_tag","embeddable":true,"href":"https:\/\/enfermeriacanaria.com\/wptfe\/wp-json\/wp\/v2\/tags?post=3157"}],"curies":[{"name":"wp","href":"https:\/\/api.w.org\/{rel}","templated":true}]}}