{"id":3152,"date":"2012-02-05T10:10:15","date_gmt":"2012-02-05T10:10:15","guid":{"rendered":"https:\/\/enfermeriacanaria.com\/wptfe\/?p=3152"},"modified":"2012-02-05T10:10:15","modified_gmt":"2012-02-05T10:10:15","slug":"la-audiencia-nacional-avala-el-programa-formativo-de-enfermeria-familiar-y-comunitaria-tras-rechazar-un-recurso-de-la-organizacion-medica-colegial","status":"publish","type":"post","link":"https:\/\/enfermeriacanaria.com\/wptfe\/la-audiencia-nacional-avala-el-programa-formativo-de-enfermeria-familiar-y-comunitaria-tras-rechazar-un-recurso-de-la-organizacion-medica-colegial\/","title":{"rendered":"La Audiencia Nacional avala el programa formativo de Enfermer\u00eda Familiar y Comunitaria tras rechazar un recurso de la Organizaci\u00f3n M\u00e9dica Colegial"},"content":{"rendered":"<p>La Audiencia Nacional (AN) ha avalado la Orden SAS\/1729\/2010, de 17 de junio, del Ministerio de Sanidad, Pol\u00edtica Social e Igualdad que aprueba y publica el programa formativo de la especialidad de Enfermer\u00eda Familiar y Comunitaria a trav\u00e9s de una sentencia en la que desestima el recurso interpuesto por el Consejo General de Colegios Oficiales de M\u00e9dicos (OMC) en contra de esta normativa. <!--more--><br \/>\nEl fallo de la Secci\u00f3n Cuarta de la Sala de lo Contencioso-Administrativo de la AN, hace suyos los alegatos del Ministerio de Sanidad, Pol\u00edtica Social e Igualdad (a trav\u00e9s de la Abogac\u00eda del Estado) y de la Organizaci\u00f3n Colegial de Enfermer\u00eda para confirmar la plena y absoluta legalidad del plan formativo, desestimando uno a uno todos los argumentos de la OMC.<\/p>\n<p>El fallo, cuyo ponente ha sido el magistrado Jos\u00e9 Luis Requero, establece que la Orden SAS\/1729\/2010 de aprobaci\u00f3n del programa formativo de la especialidad de Enfermer\u00eda Familiar y Comunitaria se ci\u00f1e a exclusivamente a la formaci\u00f3n especializada y el contenido de la misma no afecta a la regulaci\u00f3n de la profesi\u00f3n ni a las competencias de los profesionales de la salud.<\/p>\n<p>Adem\u00e1s, la AN advierte que la regulaci\u00f3n impugnada no incide en el ejercicio profesional, sino en la formaci\u00f3n previa, atribuyendo a los titulados en Enfermer\u00eda un conjunto de conocimientos, habilidades y competencias, sin menoscabar las atribuciones profesionales de Medicina y Odontolog\u00eda.<\/p>\n<p>En cuanto la posibilidad de administraci\u00f3n o prescripci\u00f3n farmacol\u00f3gica, la sentencia de la AN recuerda que la Orden impugnada \u201cno atribuye a los profesionales de Enfermer\u00eda funciones que pudieran solaparse con las de otros titulados superiores\u201d y explica que esta normativa ministerial se limita a otorgar a los titulados en Enfermer\u00eda \u201ccapacidad para administrar f\u00e1rmacos y otras terapias complementarias para identificar las caracter\u00edsticas de los aspectos farmacol\u00f3gicos espec\u00edficos de las personas ancianas, valorar el tratamiento farmacol\u00f3gico, valorar la utilizaci\u00f3n de las terapias complementarias e identificar los avances de la prescripci\u00f3n enfermera\u201d.<\/p>\n<p>En este sentido, la sentencia concluye que \u201cde la formaci\u00f3n ligada a la atribuci\u00f3n profesional no se deduce atribuir al titulado en Enfermer\u00eda facultades de prescripci\u00f3n\u201d y, no obstante, tambi\u00e9n recuerda que a pesar de que la Ley 29\/2006, de 26 de julio, de Garant\u00edas y Uso Racional de los Medicamentos y Productos Sanitarios, en su primera redacci\u00f3n establec\u00eda que los \u00fanicos profesionales sanitarios con facultad para ordenar la prescripci\u00f3n de medicamentos eran los m\u00e9dicos y odont\u00f3logos (art\u00edculo 77), tras la reforma hecha por la Ley 28\/2009, de 30 de diciembre, los profesionales de Enfermer\u00eda tambi\u00e9n participan en la prescripci\u00f3n de \u201cdeterminados medicamentos\u201d.<\/p>\n<p>Para ver el el documento con la sentencia de la Audiencia Nacional, ir a <a href=\"http:\/\/www.portalcecova.es\/es\/profesional\/Sentencia_Especialidad_Enf_FyC.pdf\" target=\"_blank\"><strong>este enlace<\/strong><\/a> (Fuente CECOVA)<\/p>\n","protected":false},"excerpt":{"rendered":"<p>La Audiencia Nacional (AN) ha avalado la Orden SAS\/1729\/2010, de 17 de junio, del Ministerio de Sanidad, Pol\u00edtica Social e Igualdad que aprueba y publica el programa formativo de la especialidad de Enfermer\u00eda Familiar y [&#8230;]<\/p>\n","protected":false},"author":1,"featured_media":0,"comment_status":"closed","ping_status":"closed","sticky":false,"template":"","format":"standard","meta":{"_jetpack_newsletter_access":"","_jetpack_dont_email_post_to_subs":false,"_jetpack_newsletter_tier_id":0,"_jetpack_memberships_contains_paywalled_content":false,"_jetpack_memberships_contains_paid_content":false,"footnotes":""},"categories":[9,56],"tags":[],"class_list":["post-3152","post","type-post","status-publish","format-standard","hentry","category-comunicacion","category-noticias"],"a3_pvc":{"activated":false,"total_views":0,"today_views":0},"jetpack_featured_media_url":"","jetpack_sharing_enabled":true,"jetpack_shortlink":"https:\/\/wp.me\/p57dxf-OQ","jetpack_likes_enabled":true,"_links":{"self":[{"href":"https:\/\/enfermeriacanaria.com\/wptfe\/wp-json\/wp\/v2\/posts\/3152","targetHints":{"allow":["GET"]}}],"collection":[{"href":"https:\/\/enfermeriacanaria.com\/wptfe\/wp-json\/wp\/v2\/posts"}],"about":[{"href":"https:\/\/enfermeriacanaria.com\/wptfe\/wp-json\/wp\/v2\/types\/post"}],"author":[{"embeddable":true,"href":"https:\/\/enfermeriacanaria.com\/wptfe\/wp-json\/wp\/v2\/users\/1"}],"replies":[{"embeddable":true,"href":"https:\/\/enfermeriacanaria.com\/wptfe\/wp-json\/wp\/v2\/comments?post=3152"}],"version-history":[{"count":1,"href":"https:\/\/enfermeriacanaria.com\/wptfe\/wp-json\/wp\/v2\/posts\/3152\/revisions"}],"predecessor-version":[{"id":3153,"href":"https:\/\/enfermeriacanaria.com\/wptfe\/wp-json\/wp\/v2\/posts\/3152\/revisions\/3153"}],"wp:attachment":[{"href":"https:\/\/enfermeriacanaria.com\/wptfe\/wp-json\/wp\/v2\/media?parent=3152"}],"wp:term":[{"taxonomy":"category","embeddable":true,"href":"https:\/\/enfermeriacanaria.com\/wptfe\/wp-json\/wp\/v2\/categories?post=3152"},{"taxonomy":"post_tag","embeddable":true,"href":"https:\/\/enfermeriacanaria.com\/wptfe\/wp-json\/wp\/v2\/tags?post=3152"}],"curies":[{"name":"wp","href":"https:\/\/api.w.org\/{rel}","templated":true}]}}