{"id":2375,"date":"2011-02-23T13:04:32","date_gmt":"2011-02-23T13:04:32","guid":{"rendered":"https:\/\/enfermeriacanaria.com\/wptfe\/?p=2375"},"modified":"2011-02-23T13:04:32","modified_gmt":"2011-02-23T13:04:32","slug":"poliza-de-responsabilidad-civil","status":"publish","type":"post","link":"https:\/\/enfermeriacanaria.com\/wptfe\/poliza-de-responsabilidad-civil\/","title":{"rendered":"P\u00f3liza de Responsabilidad Civil"},"content":{"rendered":"<p>La p\u00f3liza de responsabilidad civil profesional suscrita con la compa\u00f1\u00eda MAPFRE\u00a0 para el ejercicio de 2011, se mantiene en id\u00e9nticas condiciones que las del ejercicio anterior, con las siguientes caracter\u00edsticas:<strong><br \/>\nRiesgo cubierto<\/strong>: responsabilidad civil profesional de los colegiados en el desarrollo propio de su actividad profesional o especialidad sanitaria, tal y como se regula en la Ley de Ordenaci\u00f3n de las Profesiones Sanitarias, incluyendo la actividad docente, la depilaci\u00f3n por l\u00e1ser, terapias alternativas y \u00abpiercing\u00bb<!--more--><br \/>\n<strong>Sumas Aseguradas y coberturas:<br \/>\n<\/strong>M\u00e1ximo de indemnizaci\u00f3n por siniestro: 3.500.000.-\u20ac<br \/>\nL\u00edmite por anualidad 20.000.000.,\u20ac<br \/>\n<strong>Plazo:<\/strong> Un a\u00f1o, renovable si no media preaviso.<br \/>\n<strong>Inhabilitaci\u00f3n Profesional:<\/strong> El importe de la indemnizaci\u00f3n m\u00e1xima se fija hasta 1500.-\u20ac mensuales, durante un m\u00e1ximo de 18 meses.<br \/>\nContrademanda frente a acusaciones desestimadas por resoluci\u00f3n judicial firme que acredite la existencia de mala fe o temeridad por parte del demandante.<br \/>\nSeguro de responsabilidad de directivos para los miembros de las Juntas de Gobierno de los Colegios Provinciales.<\/p>\n<h4><strong>NORMAS DE PROCEDIMIENTO A SEGUIR ANTE RECLAMACIONES JUDICIALES O EXTRAJUDICIALES CUBIERTAS POR EL SEGURO DE RESPONSABILIDAD CIVIL PROFESIONAL CONCERTADO POR EL CONSEJO GENERAL<\/strong><\/h4>\n<p><strong>Normas Relativas a la Actuaci\u00f3n del Colegiado.<\/strong><\/p>\n<p><strong>PRIMERO.-<\/strong> El Colegiado deber\u00e1 comunicar inmediatamente a su Colegio provincial la reclamaci\u00f3n de que haya sido objeto, bien judicial (demanda, querella o denuncia) o extrajudicial.<br \/>\n<strong>SEGUNDO.-<\/strong> El colegiado cumplimentar\u00e1 en su Colegio provincial el Formulario de Comunicaci\u00f3n de Siniestro de Responsabilidad Civil o Penal establecido al efecto, para que este sea remitido al Consejo General.<br \/>\nEs necesario cumplimentar todos los datos solicitados. En cualquier caso, son datos imprescindibles del colegiado afectado el nombre y los dos apellidos, la direcci\u00f3n y tel\u00e9fono de contacto.<br \/>\n<strong>TERCERO.-<\/strong> Si el colegiado no pudiera contactar con su Colegio comunicar\u00e1 el hecho directamente a la Asesor\u00eda Jur\u00eddica del Consejo General C\/ Fuente del Rey N\u00ba 2 28023 Madrid-, tel\u00e9fono 913.345.520, fax 913.345.503.<br \/>\nUn letrado le informar\u00e1 seguidamente de la forma de actuar y cobertura del seguro.<br \/>\nDe no actuar de la forma indicada por el Consejo General, este no asumir\u00e1 ninguna responsabilidad, y el perjudicado ser\u00e1 sola y exclusivamente el colegiado.<strong><br \/>\nCUARTO.-<\/strong> Independientemente de las actuaciones antes se\u00f1aladas, el colegiado no deber\u00e1 declarar nunca sin abogado, ni firmar ning\u00fan documento.<strong><br \/>\nQUINTO.-<\/strong> De acuerdo con lo establecido en la p\u00f3liza de responsabilidad civil, para la efectividad de la cobertura prevista ser\u00e1 imprescindible acreditar que el profesional afectado se encuentra colegiado en su correspondiente Colegio profesional y al corriente de pago de sus cuotas.<\/p>\n","protected":false},"excerpt":{"rendered":"<p>La p\u00f3liza de responsabilidad civil profesional suscrita con la compa\u00f1\u00eda MAPFRE\u00a0 para el ejercicio de 2011, se mantiene en id\u00e9nticas condiciones que las del ejercicio anterior, con las siguientes caracter\u00edsticas: Riesgo cubierto: responsabilidad civil profesional [&#8230;]<\/p>\n","protected":false},"author":4,"featured_media":0,"comment_status":"closed","ping_status":"closed","sticky":false,"template":"","format":"standard","meta":{"_jetpack_newsletter_access":"","_jetpack_dont_email_post_to_subs":false,"_jetpack_newsletter_tier_id":0,"_jetpack_memberships_contains_paywalled_content":false,"_jetpack_memberships_contains_paid_content":false,"footnotes":""},"categories":[10,56],"tags":[],"class_list":["post-2375","post","type-post","status-publish","format-standard","hentry","category-administracion","category-noticias"],"a3_pvc":{"activated":false,"total_views":0,"today_views":0},"jetpack_featured_media_url":"","jetpack_sharing_enabled":true,"jetpack_shortlink":"https:\/\/wp.me\/p57dxf-Cj","jetpack_likes_enabled":true,"_links":{"self":[{"href":"https:\/\/enfermeriacanaria.com\/wptfe\/wp-json\/wp\/v2\/posts\/2375","targetHints":{"allow":["GET"]}}],"collection":[{"href":"https:\/\/enfermeriacanaria.com\/wptfe\/wp-json\/wp\/v2\/posts"}],"about":[{"href":"https:\/\/enfermeriacanaria.com\/wptfe\/wp-json\/wp\/v2\/types\/post"}],"author":[{"embeddable":true,"href":"https:\/\/enfermeriacanaria.com\/wptfe\/wp-json\/wp\/v2\/users\/4"}],"replies":[{"embeddable":true,"href":"https:\/\/enfermeriacanaria.com\/wptfe\/wp-json\/wp\/v2\/comments?post=2375"}],"version-history":[{"count":6,"href":"https:\/\/enfermeriacanaria.com\/wptfe\/wp-json\/wp\/v2\/posts\/2375\/revisions"}],"predecessor-version":[{"id":2381,"href":"https:\/\/enfermeriacanaria.com\/wptfe\/wp-json\/wp\/v2\/posts\/2375\/revisions\/2381"}],"wp:attachment":[{"href":"https:\/\/enfermeriacanaria.com\/wptfe\/wp-json\/wp\/v2\/media?parent=2375"}],"wp:term":[{"taxonomy":"category","embeddable":true,"href":"https:\/\/enfermeriacanaria.com\/wptfe\/wp-json\/wp\/v2\/categories?post=2375"},{"taxonomy":"post_tag","embeddable":true,"href":"https:\/\/enfermeriacanaria.com\/wptfe\/wp-json\/wp\/v2\/tags?post=2375"}],"curies":[{"name":"wp","href":"https:\/\/api.w.org\/{rel}","templated":true}]}}