{"id":2003,"date":"2010-09-08T09:39:39","date_gmt":"2010-09-08T09:39:39","guid":{"rendered":"https:\/\/enfermeriacanaria.com\/wptfe\/?p=2003"},"modified":"2010-09-08T09:42:35","modified_gmt":"2010-09-08T09:42:35","slug":"preparada-la-acreditacion-de-unidades-docentes-para-las-nuevas-especialidades-enfermeras-excepto-en-canarias","status":"publish","type":"post","link":"https:\/\/enfermeriacanaria.com\/wptfe\/preparada-la-acreditacion-de-unidades-docentes-para-las-nuevas-especialidades-enfermeras-excepto-en-canarias\/","title":{"rendered":"Preparada la acreditaci\u00f3n de unidades docentes para las nuevas especialidades enfermeras, excepto en Canarias."},"content":{"rendered":"<div><span style=\"font-family: Calibri; font-size: small;\">A trav\u00e9s del representante del Consejo General de Enfermer\u00eda en la Comisi\u00f3n Nacional de la Especialidad de Enfermer\u00eda Familiar y Comunitaria,\u00a0 se nos comunica con optimismo\u00a0la rapidez con la que se est\u00e1 gestionando\u00a0la creaci\u00f3n de nuevas unidades docentes para la realizaci\u00f3n de las nuevas especialidades enfermeras.<!--more-->El Ministerio de Sanidad y Pol\u00edtica Social ha permitido que las Comunidades Aut\u00f3nomas en un proceso verdaderamente r\u00e1pido, acrediten y reacrediten unidades docentes para las tres nuevas especialidades de Enfermer\u00eda Familiar y Comunitaria, Enfermer\u00eda Geri\u00e1trica y Enfermer\u00eda Pedi\u00e1trica.<\/span><\/div>\n<p><span style=\"font-family: Calibri; font-size: small;\">El pasado 30 de agosto la Comisi\u00f3n Nacional de Enfermer\u00eda Familiar y Comunitaria se reuni\u00f3 para informar sobre los expedientes presentados:<\/p>\n<p>10 en Madrid<br \/>\n11 en Andaluc\u00eda<br \/>\n2 en Castilla Le\u00f3n<br \/>\n3 en Castilla La Mancha<br \/>\n4 en Catalu\u00f1a<br \/>\n1 en Extremadura<br \/>\n<span style=\"color: #ff0000;\"><strong>Ninguna en Canarias<\/strong><\/span><\/p>\n<p>En esta primera fase la capacidad docente ser\u00e1 de unas 156 plazas. Una medida que gracias a las facilidades y el inter\u00e9s que en el momento actual se hace patente en el Ministerio de Sanidad, podemos afirmar que ha proporcionado un adelanto de un a\u00f1o en la puesta en marcha de estas tres nuevas especialidades. \u00a0En breve se informar\u00e1 de la preparaci\u00f3n de la prueba objetiva de evaluaci\u00f3n de la competencia pues los plazos legalmente establecidos para la misma comenzar\u00e1n, con toda probabilidad, en el mes de enero.<\/p>\n<p><span style=\"text-decoration: underline;\">Desde el Colegio de Enfermer\u00eda de SC de Tenerife hemos solicitado informaci\u00f3n a la Consejer\u00eda pues no nos consta expediente ninguno para la acreditaci\u00f3n de unidades docentes en Canarias.<\/span><\/p>\n<p>Recordamos que una vez salga publicada la creaci\u00f3n de las unidades docentes y se convoquen las plazas se abre un plazo de 6 meses para pedir los certificados a las empresas y solicitar el examen de competencia seg\u00fan el decreto de especialidades en la Disposici\u00f3n transitoria segunda referente al acceso excepcional al t\u00edtulo de Especialista. En su apartado 4. <a href=\"http:\/\/www.enfermeriacanaria.com\/contenido\/documents\/rdespecialidades.pdf\">http:\/\/www.enfermeriacanaria.com\/contenido\/documents\/rdespecialidades.pdf<\/a><\/p>\n<p>\u00a0<\/p>\n<p>\u00a0<\/p>\n<p><\/span><\/p>\n","protected":false},"excerpt":{"rendered":"<p>A trav\u00e9s del representante del Consejo General de Enfermer\u00eda en la Comisi\u00f3n Nacional de la Especialidad de Enfermer\u00eda Familiar y Comunitaria,\u00a0 se nos comunica con optimismo\u00a0la rapidez con la que se est\u00e1 gestionando\u00a0la creaci\u00f3n de [&#8230;]<\/p>\n","protected":false},"author":1,"featured_media":0,"comment_status":"closed","ping_status":"closed","sticky":false,"template":"","format":"standard","meta":{"_jetpack_newsletter_access":"","_jetpack_dont_email_post_to_subs":false,"_jetpack_newsletter_tier_id":0,"_jetpack_memberships_contains_paywalled_content":false,"_jetpack_memberships_contains_paid_content":false,"footnotes":""},"categories":[56],"tags":[67],"class_list":["post-2003","post","type-post","status-publish","format-standard","hentry","category-noticias","tag-especialidades"],"a3_pvc":{"activated":false,"total_views":0,"today_views":0},"jetpack_featured_media_url":"","jetpack_sharing_enabled":true,"jetpack_shortlink":"https:\/\/wp.me\/p57dxf-wj","jetpack_likes_enabled":true,"_links":{"self":[{"href":"https:\/\/enfermeriacanaria.com\/wptfe\/wp-json\/wp\/v2\/posts\/2003","targetHints":{"allow":["GET"]}}],"collection":[{"href":"https:\/\/enfermeriacanaria.com\/wptfe\/wp-json\/wp\/v2\/posts"}],"about":[{"href":"https:\/\/enfermeriacanaria.com\/wptfe\/wp-json\/wp\/v2\/types\/post"}],"author":[{"embeddable":true,"href":"https:\/\/enfermeriacanaria.com\/wptfe\/wp-json\/wp\/v2\/users\/1"}],"replies":[{"embeddable":true,"href":"https:\/\/enfermeriacanaria.com\/wptfe\/wp-json\/wp\/v2\/comments?post=2003"}],"version-history":[{"count":3,"href":"https:\/\/enfermeriacanaria.com\/wptfe\/wp-json\/wp\/v2\/posts\/2003\/revisions"}],"predecessor-version":[{"id":2005,"href":"https:\/\/enfermeriacanaria.com\/wptfe\/wp-json\/wp\/v2\/posts\/2003\/revisions\/2005"}],"wp:attachment":[{"href":"https:\/\/enfermeriacanaria.com\/wptfe\/wp-json\/wp\/v2\/media?parent=2003"}],"wp:term":[{"taxonomy":"category","embeddable":true,"href":"https:\/\/enfermeriacanaria.com\/wptfe\/wp-json\/wp\/v2\/categories?post=2003"},{"taxonomy":"post_tag","embeddable":true,"href":"https:\/\/enfermeriacanaria.com\/wptfe\/wp-json\/wp\/v2\/tags?post=2003"}],"curies":[{"name":"wp","href":"https:\/\/api.w.org\/{rel}","templated":true}]}}