{"id":15523,"date":"2026-01-26T13:30:38","date_gmt":"2026-01-26T13:30:38","guid":{"rendered":"https:\/\/enfermeriacanaria.com\/wptfe\/?p=15523"},"modified":"2026-01-26T13:30:45","modified_gmt":"2026-01-26T13:30:45","slug":"convocatoria-para-la-cobertura-de-plazas-vacantes-para-la-comision-deontologica-del-ilustre-colegio-oficial-de-enfermeros-y-enfermeras-de-s-c-de-tenerife","status":"publish","type":"post","link":"https:\/\/enfermeriacanaria.com\/wptfe\/convocatoria-para-la-cobertura-de-plazas-vacantes-para-la-comision-deontologica-del-ilustre-colegio-oficial-de-enfermeros-y-enfermeras-de-s-c-de-tenerife\/","title":{"rendered":"CONVOCATORIA PARA LA COBERTURA DE PLAZAS VACANTES PARA LA\u00a0COMISI\u00d3N DEONTOL\u00d3GICA DEL ILUSTRE COLEGIO OFICIAL DE ENFERMEROS Y ENFERMERAS DE S\/C DE TENERIFE"},"content":{"rendered":"\n<p>El Ilustre Colegio Oficial de Enfermeros de Santa Cruz de Tenerife <strong>CONVOCA<\/strong>, a fecha 26 de enero de 2026, seg\u00fan acuerdo de Junta de Gobierno, del pasado 14 de enero de 2026, <strong>DOS (2) PLAZAS<\/strong> para formar parte de la <strong>COMISI\u00d3N DEONTOL\u00d3GICA<\/strong> del Ilustre Colegio Oficial de Enfermeros y Enfermeras de S\/C de Tenerife.&nbsp;<\/p>\n\n\n\n<p><strong>Objeto de la convocatoria<\/strong><\/p>\n\n\n\n<p>La presente convocatoria tiene por objeto la selecci\u00f3n de dos personas colegiadas en la provincia de Santa Cruz de Tenerife que deseen formar parte de la Comisi\u00f3n Deontol\u00f3gica&nbsp;de la profesi\u00f3n enfermera en la provincia.&nbsp;<\/p>\n\n\n\n<p><strong>REQUISITOS OBLIGATORIOS:<\/strong><\/p>\n\n\n\n<ol start=\"1\" class=\"wp-block-list\">\n<li>Ser Enfermero\/a colegiado\/a en el Colegio Oficial de Enfermeros de S\/C de Tenerife, estando al corriente de las obligaciones colegiales.<\/li>\n\n\n\n<li>Estar en activo en cualquiera de las \u00e1reas profesionales de enfermer\u00eda (asistencial, docencia, investigaci\u00f3n y gesti\u00f3n).<\/li>\n\n\n\n<li>Tener una antig\u00fcedad m\u00ednima de colegiaci\u00f3n de 10 a\u00f1os.<\/li>\n\n\n\n<li>No estar inmerso en ning\u00fan expediente disciplinario, o incurso en demandas judiciales de \u00e1mbito deontol\u00f3gico\/judicial y\/o penal.<\/li>\n<\/ol>\n\n\n\n<p><strong>REQUISITOS COMPLEMENTARIOS:<\/strong><\/p>\n\n\n\n<ol start=\"1\" class=\"wp-block-list\">\n<li>Tener formaci\u00f3n en bio\u00e9tica o \u00e9tica enfermera mediante curso m\u00e1ster o diploma.<\/li>\n\n\n\n<li>Tener o haber tenido experiencia en alg\u00fan comit\u00e9 relacionado con la bio\u00e9tica o \u00e9tica enfermera.<\/li>\n\n\n\n<li>Estar disponible para participar en las reuniones, sean presenciales o telem\u00e1ticas en la mayor\u00eda de las convocatorias anuales que se realicen.<\/li>\n\n\n\n<li>Tener compromiso firme, serio y formal.<\/li>\n<\/ol>\n\n\n\n<p><strong>Presentaci\u00f3n de candidaturas<\/strong><\/p>\n\n\n\n<p>Las personas interesadas deber\u00e1n:<\/p>\n\n\n\n<ul class=\"wp-block-list\">\n<li><a href=\"https:\/\/form.jotform.com\/260204190597052\" target=\"_blank\" rel=\"noreferrer noopener\">Cumplimentar el formulario de candidatura habilitado al efecto.<\/a><\/li>\n\n\n\n<li>Adjuntar:\n<ul class=\"wp-block-list\">\n<li>Certificado de servicios prestados o vida laboral<\/li>\n\n\n\n<li>Curr\u00edculum vitae actualizado.<\/li>\n<\/ul>\n<\/li>\n<\/ul>\n\n\n\n<p><strong>Plazo de presentaci\u00f3n<\/strong><\/p>\n\n\n\n<ul class=\"wp-block-list\">\n<li>Apertura del plazo: lunes 26 de enero de 2026<\/li>\n\n\n\n<li>Cierre del plazo: jueves 26 de febrero de 2026, inclusive<\/li>\n<\/ul>\n\n\n\n<p>No se admitir\u00e1n candidaturas presentadas fuera del plazo establecido.<\/p>\n\n\n\n<p><strong>Informaci\u00f3n adicional<\/strong><\/p>\n\n\n\n<p>La composici\u00f3n y funcionamiento de la Comisi\u00f3n Deontol\u00f3gica se regir\u00e1 por la normativa vigente.<\/p>\n\n\n\n<p>Para cualquier aclaraci\u00f3n adicional, las personas interesadas podr\u00e1n dirigirse a los canales oficiales del Colegio.<\/p>\n\n\n\n<p><\/p>\n","protected":false},"excerpt":{"rendered":"<p>El Ilustre Colegio Oficial de Enfermeros de Santa Cruz de Tenerife CONVOCA, a fecha 26 de enero de 2026, seg\u00fan acuerdo de Junta de Gobierno, del pasado 14 de enero de 2026, DOS (2) PLAZAS [&#8230;]<\/p>\n","protected":false},"author":4,"featured_media":0,"comment_status":"closed","ping_status":"closed","sticky":false,"template":"","format":"standard","meta":{"_jetpack_newsletter_access":"","_jetpack_dont_email_post_to_subs":false,"_jetpack_newsletter_tier_id":0,"_jetpack_memberships_contains_paywalled_content":false,"_jetpack_memberships_contains_paid_content":false,"footnotes":""},"categories":[9,56],"tags":[],"class_list":["post-15523","post","type-post","status-publish","format-standard","hentry","category-comunicacion","category-noticias"],"a3_pvc":{"activated":false,"total_views":0,"today_views":0},"jetpack_featured_media_url":"","jetpack_sharing_enabled":true,"jetpack_shortlink":"https:\/\/wp.me\/p57dxf-42n","jetpack_likes_enabled":true,"_links":{"self":[{"href":"https:\/\/enfermeriacanaria.com\/wptfe\/wp-json\/wp\/v2\/posts\/15523","targetHints":{"allow":["GET"]}}],"collection":[{"href":"https:\/\/enfermeriacanaria.com\/wptfe\/wp-json\/wp\/v2\/posts"}],"about":[{"href":"https:\/\/enfermeriacanaria.com\/wptfe\/wp-json\/wp\/v2\/types\/post"}],"author":[{"embeddable":true,"href":"https:\/\/enfermeriacanaria.com\/wptfe\/wp-json\/wp\/v2\/users\/4"}],"replies":[{"embeddable":true,"href":"https:\/\/enfermeriacanaria.com\/wptfe\/wp-json\/wp\/v2\/comments?post=15523"}],"version-history":[{"count":1,"href":"https:\/\/enfermeriacanaria.com\/wptfe\/wp-json\/wp\/v2\/posts\/15523\/revisions"}],"predecessor-version":[{"id":15524,"href":"https:\/\/enfermeriacanaria.com\/wptfe\/wp-json\/wp\/v2\/posts\/15523\/revisions\/15524"}],"wp:attachment":[{"href":"https:\/\/enfermeriacanaria.com\/wptfe\/wp-json\/wp\/v2\/media?parent=15523"}],"wp:term":[{"taxonomy":"category","embeddable":true,"href":"https:\/\/enfermeriacanaria.com\/wptfe\/wp-json\/wp\/v2\/categories?post=15523"},{"taxonomy":"post_tag","embeddable":true,"href":"https:\/\/enfermeriacanaria.com\/wptfe\/wp-json\/wp\/v2\/tags?post=15523"}],"curies":[{"name":"wp","href":"https:\/\/api.w.org\/{rel}","templated":true}]}}