{"id":14865,"date":"2025-08-19T13:53:35","date_gmt":"2025-08-19T13:53:35","guid":{"rendered":"https:\/\/enfermeriacanaria.com\/wptfe\/?p=14865"},"modified":"2025-08-19T13:53:36","modified_gmt":"2025-08-19T13:53:36","slug":"resolucion-de-la-g-s-s-del-area-de-salud-de-la-palma-por-lo-que-se-convoca-proceso-selectivo-para-la-constitucion-urgente-de-las-listas-de-empleo-supletoria-s-enfermera-o-especialista-en-enfermeri","status":"publish","type":"post","link":"https:\/\/enfermeriacanaria.com\/wptfe\/resolucion-de-la-g-s-s-del-area-de-salud-de-la-palma-por-lo-que-se-convoca-proceso-selectivo-para-la-constitucion-urgente-de-las-listas-de-empleo-supletoria-s-enfermera-o-especialista-en-enfermeri\/","title":{"rendered":"Resoluci\u00f3n de la G.S.S. del \u00c1rea de Salud de La Palma, por lo que se convoca proceso selectivo para la constituci\u00f3n urgente de las Listas de Empleo Supletoria\/s.- Enfermera\/o Especialista en Enfermer\u00eda de Salud Mental."},"content":{"rendered":"\n<p>Resoluci\u00f3n de la G.S.S. del \u00c1rea de Salud de La Palma, por lo que se convoca proceso selectivo para la constituci\u00f3n urgente de las Listas de Empleo Supletoria\/s.- Enfermera\/o Especialista en Enfermer\u00eda de Salud Mental. <a href=\"https:\/\/sede.gobiernodecanarias.org\/-\/action\/c002ea10-8036-11df-9987-52c39c0cc1c2\/9515fb70-73a8-11df-8da5-b36e3e9e1a8c\/es_ES\/e2b2ee30-0571-11e7-89f4-bccadf29f5a7\/accionDescargarAnuncio?idAnuncio=86750c40-f27c-434b-9d0e-ed78e3e7a0d4&amp;p=1&amp;uriAnuncio=platino:\/\/gobcan.es\/servicios\/tablonanuncios\/anuncio\/86750c40-f27c-434b-9d0e-ed78e3e7a0d4&amp;i3l=es_ES&amp;i3csrf=ac2d01d0-7d03-11f0-ad47-df1ae9e60ec2&amp;i3id=86750c40-f27c-434b-9d0e-ed78e3e7a0d4&amp;i3sc&amp;i3ct=e31d0920-1f81-11e3-8cc2-12d442a06452&amp;i3d=9515fb70-73a8-11df-8da5-b36e3e9e1a8c&amp;i3pt=C\" target=\"_blank\" rel=\"noreferrer noopener\">ver anuncio<\/a><\/p>\n","protected":false},"excerpt":{"rendered":"<p>Resoluci\u00f3n de la G.S.S. del \u00c1rea de Salud de La Palma, por lo que se convoca proceso selectivo para la constituci\u00f3n urgente de las Listas de Empleo Supletoria\/s.- Enfermera\/o Especialista en Enfermer\u00eda de Salud Mental. [&#8230;]<\/p>\n","protected":false},"author":4,"featured_media":0,"comment_status":"closed","ping_status":"closed","sticky":false,"template":"","format":"standard","meta":{"_jetpack_newsletter_access":"","_jetpack_dont_email_post_to_subs":false,"_jetpack_newsletter_tier_id":0,"_jetpack_memberships_contains_paywalled_content":false,"_jetpack_memberships_contains_paid_content":false,"footnotes":""},"categories":[9,56,280],"tags":[],"class_list":["post-14865","post","type-post","status-publish","format-standard","hentry","category-comunicacion","category-noticias","category-procesos-selectivos"],"a3_pvc":{"activated":false,"total_views":0,"today_views":0},"jetpack_featured_media_url":"","jetpack_sharing_enabled":true,"jetpack_shortlink":"https:\/\/wp.me\/p57dxf-3RL","jetpack_likes_enabled":true,"_links":{"self":[{"href":"https:\/\/enfermeriacanaria.com\/wptfe\/wp-json\/wp\/v2\/posts\/14865","targetHints":{"allow":["GET"]}}],"collection":[{"href":"https:\/\/enfermeriacanaria.com\/wptfe\/wp-json\/wp\/v2\/posts"}],"about":[{"href":"https:\/\/enfermeriacanaria.com\/wptfe\/wp-json\/wp\/v2\/types\/post"}],"author":[{"embeddable":true,"href":"https:\/\/enfermeriacanaria.com\/wptfe\/wp-json\/wp\/v2\/users\/4"}],"replies":[{"embeddable":true,"href":"https:\/\/enfermeriacanaria.com\/wptfe\/wp-json\/wp\/v2\/comments?post=14865"}],"version-history":[{"count":1,"href":"https:\/\/enfermeriacanaria.com\/wptfe\/wp-json\/wp\/v2\/posts\/14865\/revisions"}],"predecessor-version":[{"id":14866,"href":"https:\/\/enfermeriacanaria.com\/wptfe\/wp-json\/wp\/v2\/posts\/14865\/revisions\/14866"}],"wp:attachment":[{"href":"https:\/\/enfermeriacanaria.com\/wptfe\/wp-json\/wp\/v2\/media?parent=14865"}],"wp:term":[{"taxonomy":"category","embeddable":true,"href":"https:\/\/enfermeriacanaria.com\/wptfe\/wp-json\/wp\/v2\/categories?post=14865"},{"taxonomy":"post_tag","embeddable":true,"href":"https:\/\/enfermeriacanaria.com\/wptfe\/wp-json\/wp\/v2\/tags?post=14865"}],"curies":[{"name":"wp","href":"https:\/\/api.w.org\/{rel}","templated":true}]}}