{"id":14701,"date":"2025-05-31T08:00:00","date_gmt":"2025-05-31T08:00:00","guid":{"rendered":"https:\/\/enfermeriacanaria.com\/wptfe\/?p=14701"},"modified":"2025-12-22T09:07:59","modified_gmt":"2025-12-22T09:07:59","slug":"dia-mundial-sin-tabaco-2025","status":"publish","type":"post","link":"https:\/\/enfermeriacanaria.com\/wptfe\/dia-mundial-sin-tabaco-2025\/","title":{"rendered":"D\u00eda Mundial Sin Tabaco 2025 Posicionamiento del Ilustre Colegio Oficial de Enfermeros de Santa Cruz de Tenerife con motivo del D\u00eda Mundial Sin Tabaco 2025"},"content":{"rendered":"\n<p>Con motivo del D\u00eda Mundial Sin Tabaco, el Ilustre Colegio Oficial de Enfermeros de Santa Cruz de Tenerife se suma a la campa\u00f1a internacional impulsada por la Organizaci\u00f3n Mundial de la Salud (OMS) y se alinea con los esfuerzos globales y locales para reducir el impacto del tabaquismo, una de las principales causas evitables de enfermedad, sufrimiento y muerte prematura.<\/p>\n\n\n\n<p>Este a\u00f1o, reafirmamos la necesidad urgente de actuar ante el alarmante aumento del consumo de tabaco y nicotina en poblaci\u00f3n joven, especialmente a trav\u00e9s de vapeadores y cigarrillos electr\u00f3nicos, cuya seguridad est\u00e1 lejos de estar demostrada y cuyo acceso est\u00e1 cada vez m\u00e1s normalizado y extendido entre menores.<\/p>\n\n\n\n<p>Desde el Colegio Oficial de Enfermeros de Santa Cruz de Tenerife recordamos que la profesi\u00f3n enfermera ocupa un rol fundamental en la prevenci\u00f3n del tabaquismo. A trav\u00e9s de nuestra labor diaria en centros de salud, hospitales, colegios y en la comunidad, llevando a cabo acciones clave de educaci\u00f3n para la salud, sensibilizaci\u00f3n en poblaci\u00f3n infantil y juvenil, apoyo y seguimiento personalizado en programas de deshabituaci\u00f3n tab\u00e1quica, promoci\u00f3n activa de estilos de vida saludables y detecci\u00f3n precoz de enfermedades relacionadas con el consumo de tabaco.<\/p>\n\n\n\n<p>La provincia de Santa Cruz de Tenerife presenta cifras preocupantes de inicio precoz en el consumo de tabaco y nicotina. Es responsabilidad de todos, y en especial de los profesionales de la salud, trabajar para revertir esta tendencia. Desde nuestro Colegio, seguiremos impulsando acciones, proyectos y colaboraciones que protejan la salud de la ciudadan\u00eda y fomenten un entorno libre de humo y adicciones.<\/p>\n\n\n\n<p>Por una Canarias sin tabaco. Por una infancia protegida. Por una sociedad m\u00e1s sana.<\/p>\n\n\n\n<p><a href=\"https:\/\/enfermeriacanaria.com\/wptfe\/wp-content\/uploads\/DMST-2025.-Carta-institucional-1.pdf\" target=\"_blank\" rel=\"noreferrer noopener\">Carta Institucional de la Direcci\u00f3n General de Salud P\u00fablica \u00abD\u00eda Mundial Sin Tabaco<\/a><\/p>\n\n\n\n<figure class=\"wp-block-image aligncenter size-large is-resized\"><a href=\"https:\/\/enfermeriacanaria.com\/wptfe\/wp-content\/uploads\/GRAFICA_VAPEO_2025_OK-con-dia-1.jpg\"><img fetchpriority=\"high\" decoding=\"async\" width=\"724\" height=\"1024\" src=\"https:\/\/enfermeriacanaria.com\/wptfe\/wp-content\/uploads\/GRAFICA_VAPEO_2025_OK-con-dia-1-724x1024.jpg\" alt=\"\" class=\"wp-image-14702\" style=\"width:415px;height:auto\" srcset=\"https:\/\/enfermeriacanaria.com\/wptfe\/wp-content\/uploads\/GRAFICA_VAPEO_2025_OK-con-dia-1-724x1024.jpg 724w, https:\/\/enfermeriacanaria.com\/wptfe\/wp-content\/uploads\/GRAFICA_VAPEO_2025_OK-con-dia-1-212x300.jpg 212w, https:\/\/enfermeriacanaria.com\/wptfe\/wp-content\/uploads\/GRAFICA_VAPEO_2025_OK-con-dia-1-768x1086.jpg 768w, https:\/\/enfermeriacanaria.com\/wptfe\/wp-content\/uploads\/GRAFICA_VAPEO_2025_OK-con-dia-1-1087x1536.jpg 1087w, https:\/\/enfermeriacanaria.com\/wptfe\/wp-content\/uploads\/GRAFICA_VAPEO_2025_OK-con-dia-1-1449x2048.jpg 1449w, https:\/\/enfermeriacanaria.com\/wptfe\/wp-content\/uploads\/GRAFICA_VAPEO_2025_OK-con-dia-1.jpg 1547w\" sizes=\"(max-width: 724px) 100vw, 724px\" \/><\/a><\/figure>\n","protected":false},"excerpt":{"rendered":"<p>Con motivo del D\u00eda Mundial Sin Tabaco, el Ilustre Colegio Oficial de Enfermeros de Santa Cruz de Tenerife se suma a la campa\u00f1a internacional impulsada por la Organizaci\u00f3n Mundial de la Salud (OMS) y se [&#8230;]<\/p>\n","protected":false},"author":4,"featured_media":0,"comment_status":"closed","ping_status":"closed","sticky":false,"template":"","format":"standard","meta":{"_jetpack_newsletter_access":"","_jetpack_dont_email_post_to_subs":false,"_jetpack_newsletter_tier_id":0,"_jetpack_memberships_contains_paywalled_content":false,"_jetpack_memberships_contains_paid_content":false,"footnotes":""},"categories":[9,56],"tags":[],"class_list":["post-14701","post","type-post","status-publish","format-standard","hentry","category-comunicacion","category-noticias"],"a3_pvc":{"activated":false,"total_views":0,"today_views":0},"jetpack_featured_media_url":"","jetpack_sharing_enabled":true,"jetpack_shortlink":"https:\/\/wp.me\/p57dxf-3P7","jetpack_likes_enabled":true,"_links":{"self":[{"href":"https:\/\/enfermeriacanaria.com\/wptfe\/wp-json\/wp\/v2\/posts\/14701","targetHints":{"allow":["GET"]}}],"collection":[{"href":"https:\/\/enfermeriacanaria.com\/wptfe\/wp-json\/wp\/v2\/posts"}],"about":[{"href":"https:\/\/enfermeriacanaria.com\/wptfe\/wp-json\/wp\/v2\/types\/post"}],"author":[{"embeddable":true,"href":"https:\/\/enfermeriacanaria.com\/wptfe\/wp-json\/wp\/v2\/users\/4"}],"replies":[{"embeddable":true,"href":"https:\/\/enfermeriacanaria.com\/wptfe\/wp-json\/wp\/v2\/comments?post=14701"}],"version-history":[{"count":4,"href":"https:\/\/enfermeriacanaria.com\/wptfe\/wp-json\/wp\/v2\/posts\/14701\/revisions"}],"predecessor-version":[{"id":15388,"href":"https:\/\/enfermeriacanaria.com\/wptfe\/wp-json\/wp\/v2\/posts\/14701\/revisions\/15388"}],"wp:attachment":[{"href":"https:\/\/enfermeriacanaria.com\/wptfe\/wp-json\/wp\/v2\/media?parent=14701"}],"wp:term":[{"taxonomy":"category","embeddable":true,"href":"https:\/\/enfermeriacanaria.com\/wptfe\/wp-json\/wp\/v2\/categories?post=14701"},{"taxonomy":"post_tag","embeddable":true,"href":"https:\/\/enfermeriacanaria.com\/wptfe\/wp-json\/wp\/v2\/tags?post=14701"}],"curies":[{"name":"wp","href":"https:\/\/api.w.org\/{rel}","templated":true}]}}