{"id":14689,"date":"2025-05-23T07:41:27","date_gmt":"2025-05-23T07:41:27","guid":{"rendered":"https:\/\/enfermeriacanaria.com\/wptfe\/?p=14689"},"modified":"2025-05-23T14:09:26","modified_gmt":"2025-05-23T14:09:26","slug":"acto-de-reconocimiento-a-enfermeras-y-enfermeros-jubiladas-os","status":"publish","type":"post","link":"https:\/\/enfermeriacanaria.com\/wptfe\/acto-de-reconocimiento-a-enfermeras-y-enfermeros-jubiladas-os\/","title":{"rendered":"ACTO DE RECONOCIMIENTO A ENFERMERAS Y ENFERMEROS JUBILADAS\/OS"},"content":{"rendered":"\n<p><strong>Una noche para el recuerdo: el Colegio de Enfermeros de Santa Cruz de Tenerife homenajea a sus profesionales jubilados<\/strong><\/p>\n\n\n\n<p><em>El Paraninfo de la Universidad de La Laguna acogi\u00f3 un acto lleno de emociones, gratitud y recuerdos compartidos<\/em><\/p>\n\n\n\n<p>Santa Cruz de Tenerife, 23 de mayo de 2025. \u2014 El Paraninfo de la Universidad de La Laguna fue el escenario, en la noche de ayer jueves, de un emotivo acto organizado por el Ilustre Colegio Oficial de Enfermeros de Santa Cruz de Tenerife para rendir homenaje a los profesionales de la enfermer\u00eda que se han retirado del ejercicio en los \u00faltimos a\u00f1os.<\/p>\n\n\n\n<p>La ceremonia fue presidida por D\u00f1a. Natalia Rodr\u00edguez Novo, presidenta del Colegio, quien estuvo acompa\u00f1ada por destacadas autoridades del \u00e1mbito sanitario y acad\u00e9mico, como D. Jes\u00fas Delgado, gerente de Atenci\u00f3n Primaria de Tenerife; D. Jos\u00e9 \u00c1ngel Rodr\u00edguez, vicepresidente II del Consejo General de Enfermer\u00eda y director de la C\u00e1tedra de Enfermer\u00eda de la ULL; as\u00ed como por D\u00f1a. Ana Mar\u00eda Gonz\u00e1lez, secretaria, y D\u00f1a. Carlota Sosa, tesorera de la Junta de Gobierno del Colegio.<\/p>\n\n\n\n<figure class=\"wp-block-image aligncenter size-large is-resized\"><a href=\"https:\/\/enfermeriacanaria.com\/wptfe\/wp-content\/uploads\/JUBILADOS-1.jpg\"><img fetchpriority=\"high\" decoding=\"async\" width=\"1024\" height=\"682\" src=\"https:\/\/enfermeriacanaria.com\/wptfe\/wp-content\/uploads\/JUBILADOS-1-1024x682.jpg\" alt=\"\" class=\"wp-image-14690\" style=\"width:596px;height:auto\" srcset=\"https:\/\/enfermeriacanaria.com\/wptfe\/wp-content\/uploads\/JUBILADOS-1-1024x682.jpg 1024w, https:\/\/enfermeriacanaria.com\/wptfe\/wp-content\/uploads\/JUBILADOS-1-300x200.jpg 300w, https:\/\/enfermeriacanaria.com\/wptfe\/wp-content\/uploads\/JUBILADOS-1-768x512.jpg 768w, https:\/\/enfermeriacanaria.com\/wptfe\/wp-content\/uploads\/JUBILADOS-1-1536x1023.jpg 1536w, https:\/\/enfermeriacanaria.com\/wptfe\/wp-content\/uploads\/JUBILADOS-1.jpg 1600w\" sizes=\"(max-width: 1024px) 100vw, 1024px\" \/><\/a><\/figure>\n\n\n\n<p>Durante el acto se vivieron momentos de gran carga emotiva, como la intervenci\u00f3n de D. Jos\u00e9 \u00c1ngel Rodr\u00edguez \u2014expresidente de la Organizaci\u00f3n Colegial hasta 2023\u2014, cuyas palabras resonaron con fuerza entre los asistentes. A continuaci\u00f3n, se proyect\u00f3 un v\u00eddeo homenaje que recog\u00eda im\u00e1genes de la trayectoria profesional de los homenajeados, as\u00ed como momentos compartidos con colegas, e inclu\u00eda declaraciones hist\u00f3ricas de figuras clave como D. Paulino Cejas-Fuentes y del propio D. Jos\u00e9 \u00c1ngel Rodr\u00edguez.<\/p>\n\n\n\n<figure class=\"wp-block-image aligncenter size-large is-resized\"><a href=\"https:\/\/enfermeriacanaria.com\/wptfe\/wp-content\/uploads\/JUBILADOS-2.jpg\"><img decoding=\"async\" width=\"1024\" height=\"682\" src=\"https:\/\/enfermeriacanaria.com\/wptfe\/wp-content\/uploads\/JUBILADOS-2-1024x682.jpg\" alt=\"\" class=\"wp-image-14691\" style=\"width:608px;height:auto\" srcset=\"https:\/\/enfermeriacanaria.com\/wptfe\/wp-content\/uploads\/JUBILADOS-2-1024x682.jpg 1024w, https:\/\/enfermeriacanaria.com\/wptfe\/wp-content\/uploads\/JUBILADOS-2-300x200.jpg 300w, https:\/\/enfermeriacanaria.com\/wptfe\/wp-content\/uploads\/JUBILADOS-2-768x512.jpg 768w, https:\/\/enfermeriacanaria.com\/wptfe\/wp-content\/uploads\/JUBILADOS-2-1536x1023.jpg 1536w, https:\/\/enfermeriacanaria.com\/wptfe\/wp-content\/uploads\/JUBILADOS-2.jpg 1600w\" sizes=\"(max-width: 1024px) 100vw, 1024px\" \/><\/a><\/figure>\n\n\n\n<p>Uno de los instantes m\u00e1s entra\u00f1ables de la velada lleg\u00f3 cuando cuatro de los enfermeros homenajeados tomaron la palabra para compartir sus vivencias, an\u00e9cdotas y reflexiones sobre una vida dedicada al cuidado de los dem\u00e1s.<\/p>\n\n\n\n<p>El acto culmin\u00f3 con la entrega de diplomas acreditativos y la imposici\u00f3n de la Medalla al M\u00e9rito Profesional a todos los homenajeados, en reconocimiento a su entrega, vocaci\u00f3n y servicio a la comunidad.<\/p>\n\n\n\n<p>La presidenta del Colegio, D\u00f1a. Natalia Rodr\u00edguez Novo, clausur\u00f3 el acto con un discurso de agradecimiento y orgullo, que dio paso a un brindis de celebraci\u00f3n y confraternizaci\u00f3n entre los asistentes. Con esta iniciativa, el Ilustre Colegio Oficial de Enfermeros de Santa Cruz de Tenerife reafirma su compromiso con la memoria, el reconocimiento y el valor del legado de la profesi\u00f3n enfermera en la provincia.<\/p>\n\n\n\n<figure class=\"wp-block-image aligncenter size-large is-resized\"><a href=\"https:\/\/enfermeriacanaria.com\/wptfe\/wp-content\/uploads\/JUBILADOS-3.jpg\"><img decoding=\"async\" width=\"1024\" height=\"682\" src=\"https:\/\/enfermeriacanaria.com\/wptfe\/wp-content\/uploads\/JUBILADOS-3-1024x682.jpg\" alt=\"\" class=\"wp-image-14692\" style=\"width:624px;height:auto\" srcset=\"https:\/\/enfermeriacanaria.com\/wptfe\/wp-content\/uploads\/JUBILADOS-3-1024x682.jpg 1024w, https:\/\/enfermeriacanaria.com\/wptfe\/wp-content\/uploads\/JUBILADOS-3-300x200.jpg 300w, https:\/\/enfermeriacanaria.com\/wptfe\/wp-content\/uploads\/JUBILADOS-3-768x512.jpg 768w, https:\/\/enfermeriacanaria.com\/wptfe\/wp-content\/uploads\/JUBILADOS-3-1536x1023.jpg 1536w, https:\/\/enfermeriacanaria.com\/wptfe\/wp-content\/uploads\/JUBILADOS-3.jpg 1600w\" sizes=\"(max-width: 1024px) 100vw, 1024px\" \/><\/a><\/figure>\n\n\n\n<p><\/p>\n","protected":false},"excerpt":{"rendered":"<p>Una noche para el recuerdo: el Colegio de Enfermeros de Santa Cruz de Tenerife homenajea a sus profesionales jubilados El Paraninfo de la Universidad de La Laguna acogi\u00f3 un acto lleno de emociones, gratitud y [&#8230;]<\/p>\n","protected":false},"author":4,"featured_media":0,"comment_status":"closed","ping_status":"closed","sticky":false,"template":"","format":"standard","meta":{"_jetpack_newsletter_access":"","_jetpack_dont_email_post_to_subs":false,"_jetpack_newsletter_tier_id":0,"_jetpack_memberships_contains_paywalled_content":false,"_jetpack_memberships_contains_paid_content":false,"footnotes":""},"categories":[9,56],"tags":[],"class_list":["post-14689","post","type-post","status-publish","format-standard","hentry","category-comunicacion","category-noticias"],"a3_pvc":{"activated":false,"total_views":0,"today_views":0},"jetpack_featured_media_url":"","jetpack_sharing_enabled":true,"jetpack_shortlink":"https:\/\/wp.me\/p57dxf-3OV","jetpack_likes_enabled":true,"_links":{"self":[{"href":"https:\/\/enfermeriacanaria.com\/wptfe\/wp-json\/wp\/v2\/posts\/14689","targetHints":{"allow":["GET"]}}],"collection":[{"href":"https:\/\/enfermeriacanaria.com\/wptfe\/wp-json\/wp\/v2\/posts"}],"about":[{"href":"https:\/\/enfermeriacanaria.com\/wptfe\/wp-json\/wp\/v2\/types\/post"}],"author":[{"embeddable":true,"href":"https:\/\/enfermeriacanaria.com\/wptfe\/wp-json\/wp\/v2\/users\/4"}],"replies":[{"embeddable":true,"href":"https:\/\/enfermeriacanaria.com\/wptfe\/wp-json\/wp\/v2\/comments?post=14689"}],"version-history":[{"count":2,"href":"https:\/\/enfermeriacanaria.com\/wptfe\/wp-json\/wp\/v2\/posts\/14689\/revisions"}],"predecessor-version":[{"id":14695,"href":"https:\/\/enfermeriacanaria.com\/wptfe\/wp-json\/wp\/v2\/posts\/14689\/revisions\/14695"}],"wp:attachment":[{"href":"https:\/\/enfermeriacanaria.com\/wptfe\/wp-json\/wp\/v2\/media?parent=14689"}],"wp:term":[{"taxonomy":"category","embeddable":true,"href":"https:\/\/enfermeriacanaria.com\/wptfe\/wp-json\/wp\/v2\/categories?post=14689"},{"taxonomy":"post_tag","embeddable":true,"href":"https:\/\/enfermeriacanaria.com\/wptfe\/wp-json\/wp\/v2\/tags?post=14689"}],"curies":[{"name":"wp","href":"https:\/\/api.w.org\/{rel}","templated":true}]}}