{"id":13192,"date":"2024-02-28T12:29:59","date_gmt":"2024-02-28T12:29:59","guid":{"rendered":"https:\/\/enfermeriacanaria.com\/wptfe\/?p=13192"},"modified":"2024-02-28T12:30:14","modified_gmt":"2024-02-28T12:30:14","slug":"iass-listas-de-reserva-urgentes-y-de-caracter-excepcional-para-contrataciones-de-caracter-temporal","status":"publish","type":"post","link":"https:\/\/enfermeriacanaria.com\/wptfe\/iass-listas-de-reserva-urgentes-y-de-caracter-excepcional-para-contrataciones-de-caracter-temporal\/","title":{"rendered":"IASS LISTAS DE RESERVA URGENTES Y DE CAR\u00c1CTER EXCEPCIONAL PARA CONTRATACIONES DE CAR\u00c1CTER TEMPORAL"},"content":{"rendered":"\n<p>Por motivos de urgencia y \u00fanicamente para contrataciones de car\u00e1cter temporal, debido al agotamiento de los listados de contrataci\u00f3n existentes y a fin de poder atender a los\/as usuarios\/as de nuestros Hospitales, se abre el plazo de presentaci\u00f3n de solicitudes del proceso selectivo para la configuraci\u00f3n de una LISTA DE RESERVA PARA CONTRATACIONES DE CAR\u00c1CTER TEMPORAL del \u201cInstituto Insular de Atenci\u00f3n Social y Sociosanitaria\u201d a fin de seleccionar personal para sustituir en la siguiente clase profesional:  ENFERMERA\/O.<\/p>\n\n\n\n<p style=\"text-align:center\"><strong><a href=\"https:\/\/enfermeriacanaria.com\/wptfe\/wp-content\/uploads\/ANU_ENF_FEB_2024.pdf\" target=\"_blank\" rel=\"noreferrer noopener\" aria-label=\"Descargar Informaci\u00f3n (abre en una nueva pesta\u00f1a)\">Descargar Informaci\u00f3n<\/a><\/strong><\/p>\n","protected":false},"excerpt":{"rendered":"<p>Por motivos de urgencia y \u00fanicamente para contrataciones de car\u00e1cter temporal, debido al agotamiento de los listados de contrataci\u00f3n existentes y a fin de poder atender a los\/as usuarios\/as de nuestros Hospitales, se abre el [&#8230;]<\/p>\n","protected":false},"author":4,"featured_media":0,"comment_status":"closed","ping_status":"closed","sticky":false,"template":"","format":"standard","meta":{"_jetpack_newsletter_access":"","_jetpack_dont_email_post_to_subs":false,"_jetpack_newsletter_tier_id":0,"_jetpack_memberships_contains_paywalled_content":false,"_jetpack_memberships_contains_paid_content":false,"footnotes":""},"categories":[9,3,1,56],"tags":[],"class_list":["post-13192","post","type-post","status-publish","format-standard","hentry","category-comunicacion","category-empleo","category-general","category-noticias"],"a3_pvc":{"activated":false,"total_views":0,"today_views":0},"jetpack_featured_media_url":"","jetpack_sharing_enabled":true,"jetpack_shortlink":"https:\/\/wp.me\/p57dxf-3qM","jetpack_likes_enabled":true,"_links":{"self":[{"href":"https:\/\/enfermeriacanaria.com\/wptfe\/wp-json\/wp\/v2\/posts\/13192","targetHints":{"allow":["GET"]}}],"collection":[{"href":"https:\/\/enfermeriacanaria.com\/wptfe\/wp-json\/wp\/v2\/posts"}],"about":[{"href":"https:\/\/enfermeriacanaria.com\/wptfe\/wp-json\/wp\/v2\/types\/post"}],"author":[{"embeddable":true,"href":"https:\/\/enfermeriacanaria.com\/wptfe\/wp-json\/wp\/v2\/users\/4"}],"replies":[{"embeddable":true,"href":"https:\/\/enfermeriacanaria.com\/wptfe\/wp-json\/wp\/v2\/comments?post=13192"}],"version-history":[{"count":2,"href":"https:\/\/enfermeriacanaria.com\/wptfe\/wp-json\/wp\/v2\/posts\/13192\/revisions"}],"predecessor-version":[{"id":13195,"href":"https:\/\/enfermeriacanaria.com\/wptfe\/wp-json\/wp\/v2\/posts\/13192\/revisions\/13195"}],"wp:attachment":[{"href":"https:\/\/enfermeriacanaria.com\/wptfe\/wp-json\/wp\/v2\/media?parent=13192"}],"wp:term":[{"taxonomy":"category","embeddable":true,"href":"https:\/\/enfermeriacanaria.com\/wptfe\/wp-json\/wp\/v2\/categories?post=13192"},{"taxonomy":"post_tag","embeddable":true,"href":"https:\/\/enfermeriacanaria.com\/wptfe\/wp-json\/wp\/v2\/tags?post=13192"}],"curies":[{"name":"wp","href":"https:\/\/api.w.org\/{rel}","templated":true}]}}